{"id":23954,"date":"2026-03-17T14:10:36","date_gmt":"2026-03-17T14:10:36","guid":{"rendered":"https:\/\/www.anthem.wales\/?p=23954"},"modified":"2026-03-17T14:19:49","modified_gmt":"2026-03-17T14:19:49","slug":"big-give-fundraiser-cymraeg","status":"publish","type":"post","link":"https:\/\/www.anthem.wales\/cy\/big-give-fundraiser-cymraeg\/","title":{"rendered":"Anthem x The Big Give"},"content":{"rendered":"\t\t<div data-elementor-type=\"wp-post\" data-elementor-id=\"23954\" class=\"elementor elementor-23954\">\n\t\t\t\t\t\t<section class=\"elementor-section elementor-top-section elementor-element elementor-element-ef2121e elementor-section-boxed elementor-section-height-default elementor-section-height-default\" data-id=\"ef2121e\" data-element_type=\"section\">\n\t\t\t\t\t\t<div class=\"elementor-container elementor-column-gap-default\">\n\t\t\t\t\t<div class=\"elementor-column elementor-col-100 elementor-top-column elementor-element elementor-element-8517d55\" data-id=\"8517d55\" data-element_type=\"column\">\n\t\t\t<div class=\"elementor-widget-wrap elementor-element-populated\">\n\t\t\t\t\t\t<div class=\"elementor-element elementor-element-087bc00 elementor-widget elementor-widget-heading\" data-id=\"087bc00\" data-element_type=\"widget\" data-widget_type=\"heading.default\">\n\t\t\t\t<div class=\"elementor-widget-container\">\n\t\t\t\t\t<h2 class=\"elementor-heading-title elementor-size-default\">Y Rhodd Fawr Celfyddydau am Effaith: Anthem FFWD&gt;&gt; Codi Arian G\u0175yl<\/h2>\t\t\t\t<\/div>\n\t\t\t\t<\/div>\n\t\t\t\t<div class=\"elementor-element elementor-element-aca4bed elementor-widget elementor-widget-text-editor\" data-id=\"aca4bed\" data-element_type=\"widget\" data-widget_type=\"text-editor.default\">\n\t\t\t\t<div class=\"elementor-widget-container\">\n\t\t\t\t\t\t\t\t\t<p dir=\"ltr\" style=\"line-height: 1.3800000000000001; margin-top: 0pt; margin-bottom: 0pt;\"><span style=\"font-size: 17pt; font-family: Roboto,sans-serif; color: #000000; background-color: transparent; font-weight: bold; font-style: normal; font-variant: normal; text-decoration: none; vertical-align: baseline; white-space: pre-wrap;\">Ymunwch \u00e2 ni yng Ng\u0175yl FFWD&gt;&gt;: digwyddiad codi arian gyda cherddoriaeth fyw i ddathlu pum mlynedd o Fforwm Ieuenctid Anthem<\/span><\/p><p dir=\"ltr\" style=\"line-height: 1.3800000000000001; margin-top: 0pt; margin-bottom: 0pt;\"><span style=\"font-size: 17pt; font-family: Roboto,sans-serif; color: #000000; background-color: transparent; font-weight: bold; font-style: normal; font-variant: normal; text-decoration: none; vertical-align: baseline; white-space: pre-wrap;\">\u00a0<\/span><\/p><p dir=\"ltr\" style=\"line-height: 1.3800000000000001; margin-top: 0pt; margin-bottom: 0pt;\"><span style=\"font-size: 11pt; font-family: Roboto,sans-serif; color: #000000; background-color: transparent; font-weight: 400; font-style: normal; font-variant: normal; text-decoration: none; vertical-align: baseline; white-space: pre-wrap;\">Mae Anthem Cronfa Gerdd Cymru yn cynnal digwyddiad codi arian arbennig gyda cherddoriaeth fyw wrth i \u0174yl FFWD&gt;&gt; ddod i ganolfan eiconig y Deml Heddwch yng Nghaerdydd ddydd Gwener yma (20 Mawrth), i ddathlu pum mlynedd o Fforwm Ieuenctid Anthem (sydd hefyd yn cael ei alw\u2019n FFWD&gt;&gt;). <\/span><\/p><p dir=\"ltr\" style=\"line-height: 1.3800000000000001; margin-top: 0pt; margin-bottom: 0pt;\"><span style=\"font-size: 11pt; font-family: Roboto,sans-serif; color: #000000; background-color: transparent; font-weight: 400; font-style: normal; font-variant: normal; text-decoration: none; vertical-align: baseline; white-space: pre-wrap;\">\u00a0<\/span><\/p><p dir=\"ltr\" style=\"line-height: 1.3800000000000001; margin-top: 0pt; margin-bottom: 0pt;\"><span style=\"font-size: 11pt; font-family: Roboto,sans-serif; color: #000000; background-color: transparent; font-weight: 400; font-style: normal; font-variant: normal; text-decoration: none; vertical-align: baseline; white-space: pre-wrap;\">Wedi&#8217;i gynnal gan gyn aelodau FFWD&gt;&gt;, bydd y digwyddiad yn dod \u00e2 pherfformiadau byw unigryw a stondinau ynghyd ar noson arbennig i ddathlu&#8217;r bobl ifanc a fu\u2019n cymryd rhan yn y rhaglen ac sydd bellach yn gwneud eu marc ledled Cymru. <\/span><\/p><p dir=\"ltr\" style=\"line-height: 1.3800000000000001; margin-top: 0pt; margin-bottom: 0pt;\"><span style=\"font-size: 11pt; font-family: Roboto,sans-serif; color: #000000; background-color: transparent; font-weight: 400; font-style: normal; font-variant: normal; text-decoration: none; vertical-align: baseline; white-space: pre-wrap;\">\u00a0<\/span><\/p><p dir=\"ltr\" style=\"line-height: 1.3800000000000001; margin-top: 0pt; margin-bottom: 0pt;\"><span style=\"font-size: 11pt; font-family: Roboto,sans-serif; color: #000000; background-color: transparent; font-weight: 400; font-style: normal; font-variant: normal; text-decoration: none; vertical-align: baseline; white-space: pre-wrap;\">Dros y pum mlynedd diwethaf, mae mwy nag 80 o bobl ifanc rhwng 17 a 25 oed o bob cwr o Gymru wedi dod drwy&#8217;r rhaglen, gan ddatblygu sgiliau arweinyddiaeth, meithrin dealltwriaeth o&#8217;r diwydiant cerddoriaeth a helpu i lunio cyfleoedd i bobl ifanc eraill ym myd cerddoriaeth. Gyda&#8217;i gilydd maen nhw\u2019n ffurfio rhwydwaith cynyddol o bobl greadigol ifanc sy&#8217;n dylanwadu ar ddyfodol y sector yng Nghymru. <\/span><\/p><p dir=\"ltr\" style=\"line-height: 1.3800000000000001; margin-top: 0pt; margin-bottom: 0pt;\"><span style=\"font-size: 11pt; font-family: Roboto,sans-serif; color: #000000; background-color: transparent; font-weight: 400; font-style: normal; font-variant: normal; text-decoration: none; vertical-align: baseline; white-space: pre-wrap;\">\u00a0<\/span><\/p><p dir=\"ltr\" style=\"line-height: 1.3800000000000001; margin-top: 0pt; margin-bottom: 0pt;\"><span style=\"font-size: 11pt; font-family: Roboto,sans-serif; color: #000000; background-color: transparent; font-weight: 400; font-style: normal; font-variant: normal; text-decoration: none; vertical-align: baseline; white-space: pre-wrap;\">Bydd y noson hefyd yn cynnwys lansiad carfan FFWD&gt;&gt; 2026, gan groesawu&#8217;r criw nesaf o arweinwyr ifanc a fydd yn helpu i lywio gwaith Anthem a&#8217;r dirwedd ehangach sydd i gerddoriaeth ieuenctid yng Nghymru. <\/span><\/p><p dir=\"ltr\" style=\"line-height: 1.3800000000000001; margin-top: 0pt; margin-bottom: 0pt;\"><span style=\"font-size: 11pt; font-family: Roboto,sans-serif; color: #000000; background-color: transparent; font-weight: 400; font-style: normal; font-variant: normal; text-decoration: none; vertical-align: baseline; white-space: pre-wrap;\">Caiff y digwyddiad ei gynnal yn ystod wythnos Big Give Arts for Impact, ac mae&#8217;n rhan o ymgyrch Sustain Our Sound Anthem, sy&#8217;n codi arian i hybu cyfleoedd cerddoriaeth ieuenctid ledled Cymru. Yn ystod yr ymgyrch, bydd pob punt a gaiff ei rhoi hyd at y \u00a32,500 cyntaf yn cael ei dyblu trwy arian cyfatebol, sy&#8217;n golygu y bydd prynu tocynnau a rhoddion yn cael dwywaith yr effaith. Bydd hyn yn helpu i ddarparu profiadau go iawn, cyfleoedd uwchsgilio a chyfleoedd gigio i 500+ yn rhagor o bobl ifanc o bob rhan o Gymru yn 2026. <\/span><\/p><p dir=\"ltr\" style=\"line-height: 1.3800000000000001; margin-top: 0pt; margin-bottom: 0pt;\"><span style=\"font-size: 11pt; font-family: Roboto,sans-serif; color: #000000; background-color: transparent; font-weight: 400; font-style: normal; font-variant: normal; text-decoration: none; vertical-align: baseline; white-space: pre-wrap;\">\u00a0<\/span><\/p><p dir=\"ltr\" style=\"line-height: 1.3800000000000001; margin-top: 0pt; margin-bottom: 0pt;\"><span style=\"font-size: 11pt; font-family: Roboto,sans-serif; color: #000000; background-color: transparent; font-weight: bold; font-style: normal; font-variant: normal; text-decoration: none; vertical-align: baseline; white-space: pre-wrap;\">Manylion y Digwyddiad<\/span><\/p><p dir=\"ltr\" style=\"line-height: 1.3800000000000001; margin-top: 0pt; margin-bottom: 0pt;\"><span style=\"font-size: 11pt; font-family: Roboto,sans-serif; color: #000000; background-color: transparent; font-weight: 400; font-style: normal; font-variant: normal; text-decoration: none; vertical-align: baseline; white-space: pre-wrap;\">G\u0175yl FFWD&gt;&gt;<\/span><span style=\"font-size: 11pt; font-family: Roboto,sans-serif; color: #000000; background-color: transparent; font-weight: 400; font-style: normal; font-variant: normal; text-decoration: none; vertical-align: baseline; white-space: pre-wrap;\"><br \/><\/span><span style=\"font-size: 11pt; font-family: Roboto,sans-serif; color: #000000; background-color: transparent; font-weight: 400; font-style: normal; font-variant: normal; text-decoration: none; vertical-align: baseline; white-space: pre-wrap;\">Ble: Y Deml Heddwch, Caerdydd<\/span><span style=\"font-size: 11pt; font-family: Roboto,sans-serif; color: #000000; background-color: transparent; font-weight: 400; font-style: normal; font-variant: normal; text-decoration: none; vertical-align: baseline; white-space: pre-wrap;\"><br \/><\/span><span style=\"font-size: 11pt; font-family: Roboto,sans-serif; color: #000000; background-color: transparent; font-weight: 400; font-style: normal; font-variant: normal; text-decoration: none; vertical-align: baseline; white-space: pre-wrap;\">Pryd: Dydd Gwener 20 Mawrth 2026<\/span><span style=\"font-size: 11pt; font-family: Roboto,sans-serif; color: #000000; background-color: transparent; font-weight: 400; font-style: normal; font-variant: normal; text-decoration: none; vertical-align: baseline; white-space: pre-wrap;\"><br \/><\/span><span style=\"font-size: 11pt; font-family: Roboto,sans-serif; color: #000000; background-color: transparent; font-weight: 400; font-style: normal; font-variant: normal; text-decoration: none; vertical-align: baseline; white-space: pre-wrap;\">Drysau 6:30pm | Cerddoriaeth fyw o 7pm<\/span><span style=\"font-size: 11pt; font-family: Roboto,sans-serif; color: #000000; background-color: transparent; font-weight: 400; font-style: normal; font-variant: normal; text-decoration: none; vertical-align: baseline; white-space: pre-wrap;\"><br \/><\/span><span style=\"font-size: 11pt; font-family: Roboto,sans-serif; color: #000000; background-color: transparent; font-weight: 400; font-style: normal; font-variant: normal; text-decoration: none; vertical-align: baseline; white-space: pre-wrap;\">\ud83c\udf9f<\/span><span style=\"font-size: 11pt; font-family: Roboto,sans-serif; color: #000000; background-color: transparent; font-weight: bold; font-style: normal; font-variant: normal; text-decoration: none; vertical-align: baseline; white-space: pre-wrap;\"> Tocynnau: <\/span><span style=\"font-size: 11pt; font-family: Roboto,sans-serif; color: #000000; background-color: transparent; font-weight: 400; font-style: normal; font-variant: normal; text-decoration: none; vertical-align: baseline; white-space: pre-wrap;\">\u00a315<\/span><\/p><p dir=\"ltr\" style=\"line-height: 1.3800000000000001; margin-top: 0pt; margin-bottom: 0pt;\"><span style=\"font-size: 11pt; font-family: Roboto,sans-serif; color: #000000; background-color: transparent; font-weight: 400; font-style: normal; font-variant: normal; text-decoration: none; vertical-align: baseline; white-space: pre-wrap;\">\u00a0<\/span><\/p><p dir=\"ltr\" style=\"line-height: 1.3800000000000001; margin-top: 0pt; margin-bottom: 0pt;\"><span style=\"font-size: 11pt; font-family: Roboto,sans-serif; color: #000000; background-color: transparent; font-weight: 400; font-style: normal; font-variant: normal; text-decoration: none; vertical-align: baseline; white-space: pre-wrap;\">Mae\u2019r tocynnau ar gael fan yma:<\/span><span style=\"font-size: 11pt; font-family: Roboto,sans-serif; color: #000000; background-color: transparent; font-weight: 400; font-style: normal; font-variant: normal; text-decoration: none; vertical-align: baseline; white-space: pre-wrap;\"><br \/><\/span><a style=\"text-decoration: none;\" href=\"https:\/\/www.tickettailor.com\/events\/anthemevents\/2073713?utm_source=chatgpt.com\"><span style=\"font-size: 11pt; font-family: Roboto,sans-serif; color: #1155cc; background-color: transparent; font-weight: 400; font-style: normal; font-variant: normal; text-decoration: underline; -webkit-text-decoration-skip: none; text-decoration-skip-ink: none; vertical-align: baseline; white-space: pre-wrap;\">https:\/\/www.tickettailor.com\/events\/anthemevents\/2073713<\/span><\/a><\/p><p dir=\"ltr\" style=\"line-height: 1.3800000000000001; margin-top: 0pt; margin-bottom: 0pt;\"><span style=\"font-size: 11pt; font-family: Roboto,sans-serif; color: #000000; background-color: transparent; font-weight: 400; font-style: normal; font-variant: normal; text-decoration: none; vertical-align: baseline; white-space: pre-wrap;\">Gall cefnogwyr na allan nhw ddod i\u2019r digwyddiad hefyd gyfrannu at ymgyrch Big Give Arts for Impact Anthem, lle bydd y rhoddion yn cael eu dyblu am wythnos yn unig, gan ddechrau ar 17 Mawrth.<\/span><\/p><p dir=\"ltr\" style=\"line-height: 1.3800000000000001; margin-top: 0pt; margin-bottom: 0pt;\"><span style=\"font-size: 11pt; font-family: Roboto,sans-serif; color: #000000; background-color: transparent; font-weight: 400; font-style: normal; font-variant: normal; text-decoration: none; vertical-align: baseline; white-space: pre-wrap;\">\u00a0<\/span><\/p><p dir=\"ltr\" style=\"line-height: 1.3800000000000001; margin-top: 0pt; margin-bottom: 0pt;\"><span style=\"font-size: 11pt; font-family: Roboto,sans-serif; color: #000000; background-color: transparent; font-weight: 400; font-style: normal; font-variant: normal; text-decoration: none; vertical-align: baseline; white-space: pre-wrap;\">Cyfrannwch fan yma:<\/span><span style=\"font-size: 11pt; font-family: Roboto,sans-serif; color: #000000; background-color: transparent; font-weight: 400; font-style: normal; font-variant: normal; text-decoration: none; vertical-align: baseline; white-space: pre-wrap;\"><br \/><\/span><a style=\"text-decoration: none;\" href=\"https:\/\/donate.biggive.org\/campaign\/a05WS00000BBMJpYAP\"><span style=\"font-size: 11pt; font-family: Roboto,sans-serif; color: #1155cc; background-color: transparent; font-weight: 400; font-style: normal; font-variant: normal; text-decoration: underline; -webkit-text-decoration-skip: none; text-decoration-skip-ink: none; vertical-align: baseline; white-space: pre-wrap;\">https:\/\/donate.biggive.org\/campaign\/a05WS00000BBMJpYAP<\/span><\/a><\/p>\t\t\t\t\t\t\t\t<\/div>\n\t\t\t\t<\/div>\n\t\t\t\t\t<\/div>\n\t\t<\/div>\n\t\t\t\t\t<\/div>\n\t\t<\/section>\n\t\t\t\t<section class=\"elementor-section elementor-top-section elementor-element elementor-element-cf81f35 elementor-section-boxed elementor-section-height-default elementor-section-height-default\" data-id=\"cf81f35\" data-element_type=\"section\">\n\t\t\t\t\t\t<div class=\"elementor-container elementor-column-gap-default\">\n\t\t\t\t\t<div class=\"elementor-column elementor-col-100 elementor-top-column elementor-element elementor-element-959e6c6\" data-id=\"959e6c6\" data-element_type=\"column\">\n\t\t\t<div class=\"elementor-widget-wrap elementor-element-populated\">\n\t\t\t\t\t\t<div class=\"elementor-element elementor-element-7ec5583 elementor-widget elementor-widget-image\" data-id=\"7ec5583\" data-element_type=\"widget\" data-widget_type=\"image.default\">\n\t\t\t\t<div class=\"elementor-widget-container\">\n\t\t\t\t\t\t\t\t\t\t\t\t\t\t\t<img fetchpriority=\"high\" decoding=\"async\" width=\"1024\" height=\"724\" src=\"https:\/\/www.anthem.wales\/wp-content\/uploads\/2026\/03\/Credit.-Mitchell-Willams-3-1024x724.png\" class=\"attachment-large size-large wp-image-23961\" alt=\"\" srcset=\"https:\/\/www.anthem.wales\/wp-content\/uploads\/2026\/03\/Credit.-Mitchell-Willams-3-1024x724.png 1024w, https:\/\/www.anthem.wales\/wp-content\/uploads\/2026\/03\/Credit.-Mitchell-Willams-3-300x212.png 300w, https:\/\/www.anthem.wales\/wp-content\/uploads\/2026\/03\/Credit.-Mitchell-Willams-3-768x543.png 768w, https:\/\/www.anthem.wales\/wp-content\/uploads\/2026\/03\/Credit.-Mitchell-Willams-3-80x57.png 80w, https:\/\/www.anthem.wales\/wp-content\/uploads\/2026\/03\/Credit.-Mitchell-Willams-3-1536x1086.png 1536w, https:\/\/www.anthem.wales\/wp-content\/uploads\/2026\/03\/Credit.-Mitchell-Willams-3.png 1684w\" sizes=\"(max-width: 1024px) 100vw, 1024px\" \/>\t\t\t\t\t\t\t\t\t\t\t\t\t\t\t<\/div>\n\t\t\t\t<\/div>\n\t\t\t\t<div class=\"elementor-element elementor-element-e61b0a0 elementor-widget elementor-widget-image\" data-id=\"e61b0a0\" data-element_type=\"widget\" data-widget_type=\"image.default\">\n\t\t\t\t<div class=\"elementor-widget-container\">\n\t\t\t\t\t\t\t\t\t\t\t\t\t\t\t<img decoding=\"async\" width=\"1024\" height=\"724\" src=\"https:\/\/www.anthem.wales\/wp-content\/uploads\/2026\/03\/Credit.-Mitchell-Willams-1024x724.png\" class=\"attachment-large size-large wp-image-23959\" alt=\"\" srcset=\"https:\/\/www.anthem.wales\/wp-content\/uploads\/2026\/03\/Credit.-Mitchell-Willams-1024x724.png 1024w, https:\/\/www.anthem.wales\/wp-content\/uploads\/2026\/03\/Credit.-Mitchell-Willams-300x212.png 300w, https:\/\/www.anthem.wales\/wp-content\/uploads\/2026\/03\/Credit.-Mitchell-Willams-768x543.png 768w, https:\/\/www.anthem.wales\/wp-content\/uploads\/2026\/03\/Credit.-Mitchell-Willams-80x57.png 80w, https:\/\/www.anthem.wales\/wp-content\/uploads\/2026\/03\/Credit.-Mitchell-Willams-1536x1086.png 1536w, https:\/\/www.anthem.wales\/wp-content\/uploads\/2026\/03\/Credit.-Mitchell-Willams.png 1684w\" sizes=\"(max-width: 1024px) 100vw, 1024px\" \/>\t\t\t\t\t\t\t\t\t\t\t\t\t\t\t<\/div>\n\t\t\t\t<\/div>\n\t\t\t\t\t<\/div>\n\t\t<\/div>\n\t\t\t\t\t<\/div>\n\t\t<\/section>\n\t\t\t\t<\/div>\n\t\t","protected":false},"excerpt":{"rendered":"<p>Y Rhodd Fawr Celfyddydau am Effaith: Anthem FFWD&gt;&gt; Codi Arian G\u0175yl Ymunwch \u00e2 ni yng Ng\u0175yl FFWD&gt;&gt;: digwyddiad codi arian gyda cherddoriaeth fyw i ddathlu pum mlynedd o Fforwm Ieuenctid Anthem \u00a0 Mae Anthem Cronfa Gerdd Cymru yn cynnal digwyddiad codi arian arbennig gyda cherddoriaeth fyw wrth i \u0174yl FFWD&gt;&gt; ddod i ganolfan eiconig y [&hellip;]<\/p>\n","protected":false},"author":3,"featured_media":23969,"comment_status":"closed","ping_status":"closed","sticky":false,"template":"","format":"standard","meta":{"footnotes":""},"categories":[17,5],"tags":[],"class_list":["post-23954","post","type-post","status-publish","format-standard","has-post-thumbnail","hentry","category-newyddion-anthem","category-uncategorized-cy"],"yoast_head":"<!-- This site is optimized with the Yoast SEO plugin v24.2 - https:\/\/yoast.com\/wordpress\/plugins\/seo\/ -->\n<title>Anthem x The Big Give - Anthem<\/title>\n<meta name=\"robots\" content=\"index, follow, max-snippet:-1, max-image-preview:large, max-video-preview:-1\" \/>\n<link rel=\"canonical\" href=\"https:\/\/www.anthem.wales\/cy\/big-give-fundraiser-cymraeg\/\" \/>\n<meta property=\"og:locale\" content=\"cy_GB\" \/>\n<meta property=\"og:type\" content=\"article\" \/>\n<meta property=\"og:title\" content=\"Anthem x The Big Give - Anthem\" \/>\n<meta property=\"og:description\" content=\"Y Rhodd Fawr Celfyddydau am Effaith: Anthem FFWD&gt;&gt; Codi Arian G\u0175yl Ymunwch \u00e2 ni yng Ng\u0175yl FFWD&gt;&gt;: digwyddiad codi arian gyda cherddoriaeth fyw i ddathlu pum mlynedd o Fforwm Ieuenctid Anthem \u00a0 Mae Anthem Cronfa Gerdd Cymru yn cynnal digwyddiad codi arian arbennig gyda cherddoriaeth fyw wrth i \u0174yl FFWD&gt;&gt; ddod i ganolfan eiconig y [&hellip;]\" \/>\n<meta property=\"og:url\" content=\"https:\/\/www.anthem.wales\/cy\/big-give-fundraiser-cymraeg\/\" \/>\n<meta property=\"og:site_name\" content=\"Anthem\" \/>\n<meta property=\"article:published_time\" content=\"2026-03-17T14:10:36+00:00\" \/>\n<meta property=\"article:modified_time\" content=\"2026-03-17T14:19:49+00:00\" \/>\n<meta property=\"og:image\" content=\"https:\/\/www.anthem.wales\/wp-content\/uploads\/2026\/03\/banner-ffwd-fest-1024x326.png\" \/>\n\t<meta property=\"og:image:width\" content=\"1024\" \/>\n\t<meta property=\"og:image:height\" content=\"326\" \/>\n\t<meta property=\"og:image:type\" content=\"image\/png\" \/>\n<meta name=\"author\" content=\"Tori Sillman\" \/>\n<meta name=\"twitter:card\" content=\"summary_large_image\" \/>\n<meta name=\"twitter:label1\" content=\"Written by\" \/>\n\t<meta name=\"twitter:data1\" content=\"Tori Sillman\" \/>\n\t<meta name=\"twitter:label2\" content=\"Est. reading time\" \/>\n\t<meta name=\"twitter:data2\" content=\"3 minutes\" \/>\n<script type=\"application\/ld+json\" class=\"yoast-schema-graph\">{\"@context\":\"https:\/\/schema.org\",\"@graph\":[{\"@type\":\"WebPage\",\"@id\":\"https:\/\/www.anthem.wales\/cy\/big-give-fundraiser-cymraeg\/\",\"url\":\"https:\/\/www.anthem.wales\/cy\/big-give-fundraiser-cymraeg\/\",\"name\":\"Anthem x The Big Give - Anthem\",\"isPartOf\":{\"@id\":\"https:\/\/www.anthem.wales\/#website\"},\"primaryImageOfPage\":{\"@id\":\"https:\/\/www.anthem.wales\/cy\/big-give-fundraiser-cymraeg\/#primaryimage\"},\"image\":{\"@id\":\"https:\/\/www.anthem.wales\/cy\/big-give-fundraiser-cymraeg\/#primaryimage\"},\"thumbnailUrl\":\"https:\/\/www.anthem.wales\/wp-content\/uploads\/2026\/03\/banner-ffwd-fest.png\",\"datePublished\":\"2026-03-17T14:10:36+00:00\",\"dateModified\":\"2026-03-17T14:19:49+00:00\",\"author\":{\"@id\":\"https:\/\/www.anthem.wales\/#\/schema\/person\/c9bd3b2ad8c419f24c241b9a93837a8d\"},\"breadcrumb\":{\"@id\":\"https:\/\/www.anthem.wales\/cy\/big-give-fundraiser-cymraeg\/#breadcrumb\"},\"inLanguage\":\"cy-GB\",\"potentialAction\":[{\"@type\":\"ReadAction\",\"target\":[\"https:\/\/www.anthem.wales\/cy\/big-give-fundraiser-cymraeg\/\"]}]},{\"@type\":\"ImageObject\",\"inLanguage\":\"cy-GB\",\"@id\":\"https:\/\/www.anthem.wales\/cy\/big-give-fundraiser-cymraeg\/#primaryimage\",\"url\":\"https:\/\/www.anthem.wales\/wp-content\/uploads\/2026\/03\/banner-ffwd-fest.png\",\"contentUrl\":\"https:\/\/www.anthem.wales\/wp-content\/uploads\/2026\/03\/banner-ffwd-fest.png\",\"width\":2048,\"height\":652},{\"@type\":\"BreadcrumbList\",\"@id\":\"https:\/\/www.anthem.wales\/cy\/big-give-fundraiser-cymraeg\/#breadcrumb\",\"itemListElement\":[{\"@type\":\"ListItem\",\"position\":1,\"name\":\"Home\",\"item\":\"https:\/\/www.anthem.wales\/cy\/\"},{\"@type\":\"ListItem\",\"position\":2,\"name\":\"Anthem x The Big Give\"}]},{\"@type\":\"WebSite\",\"@id\":\"https:\/\/www.anthem.wales\/#website\",\"url\":\"https:\/\/www.anthem.wales\/\",\"name\":\"Anthem\",\"description\":\"Welcome to Anthem. Music Fund Wales\",\"potentialAction\":[{\"@type\":\"SearchAction\",\"target\":{\"@type\":\"EntryPoint\",\"urlTemplate\":\"https:\/\/www.anthem.wales\/?s={search_term_string}\"},\"query-input\":{\"@type\":\"PropertyValueSpecification\",\"valueRequired\":true,\"valueName\":\"search_term_string\"}}],\"inLanguage\":\"cy-GB\"},{\"@type\":\"Person\",\"@id\":\"https:\/\/www.anthem.wales\/#\/schema\/person\/c9bd3b2ad8c419f24c241b9a93837a8d\",\"name\":\"Tori Sillman\",\"image\":{\"@type\":\"ImageObject\",\"inLanguage\":\"cy-GB\",\"@id\":\"https:\/\/www.anthem.wales\/#\/schema\/person\/image\/\",\"url\":\"https:\/\/secure.gravatar.com\/avatar\/561f08db509f1b4a59f3b72588ad3ec6de49c8e03d49717fa566d0a359a8c940?s=96&d=mm&r=g\",\"contentUrl\":\"https:\/\/secure.gravatar.com\/avatar\/561f08db509f1b4a59f3b72588ad3ec6de49c8e03d49717fa566d0a359a8c940?s=96&d=mm&r=g\",\"caption\":\"Tori Sillman\"},\"url\":\"https:\/\/www.anthem.wales\/cy\/author\/torisillman\/\"}]}<\/script>\n<!-- \/ Yoast SEO plugin. -->","yoast_head_json":{"title":"Anthem x The Big Give - Anthem","robots":{"index":"index","follow":"follow","max-snippet":"max-snippet:-1","max-image-preview":"max-image-preview:large","max-video-preview":"max-video-preview:-1"},"canonical":"https:\/\/www.anthem.wales\/cy\/big-give-fundraiser-cymraeg\/","og_locale":"cy_GB","og_type":"article","og_title":"Anthem x The Big Give - Anthem","og_description":"Y Rhodd Fawr Celfyddydau am Effaith: Anthem FFWD&gt;&gt; Codi Arian G\u0175yl Ymunwch \u00e2 ni yng Ng\u0175yl FFWD&gt;&gt;: digwyddiad codi arian gyda cherddoriaeth fyw i ddathlu pum mlynedd o Fforwm Ieuenctid Anthem \u00a0 Mae Anthem Cronfa Gerdd Cymru yn cynnal digwyddiad codi arian arbennig gyda cherddoriaeth fyw wrth i \u0174yl FFWD&gt;&gt; ddod i ganolfan eiconig y [&hellip;]","og_url":"https:\/\/www.anthem.wales\/cy\/big-give-fundraiser-cymraeg\/","og_site_name":"Anthem","article_published_time":"2026-03-17T14:10:36+00:00","article_modified_time":"2026-03-17T14:19:49+00:00","og_image":[{"width":1024,"height":326,"url":"https:\/\/www.anthem.wales\/wp-content\/uploads\/2026\/03\/banner-ffwd-fest-1024x326.png","type":"image\/png"}],"author":"Tori Sillman","twitter_card":"summary_large_image","twitter_misc":{"Written by":"Tori Sillman","Est. reading time":"3 minutes"},"schema":{"@context":"https:\/\/schema.org","@graph":[{"@type":"WebPage","@id":"https:\/\/www.anthem.wales\/cy\/big-give-fundraiser-cymraeg\/","url":"https:\/\/www.anthem.wales\/cy\/big-give-fundraiser-cymraeg\/","name":"Anthem x The Big Give - Anthem","isPartOf":{"@id":"https:\/\/www.anthem.wales\/#website"},"primaryImageOfPage":{"@id":"https:\/\/www.anthem.wales\/cy\/big-give-fundraiser-cymraeg\/#primaryimage"},"image":{"@id":"https:\/\/www.anthem.wales\/cy\/big-give-fundraiser-cymraeg\/#primaryimage"},"thumbnailUrl":"https:\/\/www.anthem.wales\/wp-content\/uploads\/2026\/03\/banner-ffwd-fest.png","datePublished":"2026-03-17T14:10:36+00:00","dateModified":"2026-03-17T14:19:49+00:00","author":{"@id":"https:\/\/www.anthem.wales\/#\/schema\/person\/c9bd3b2ad8c419f24c241b9a93837a8d"},"breadcrumb":{"@id":"https:\/\/www.anthem.wales\/cy\/big-give-fundraiser-cymraeg\/#breadcrumb"},"inLanguage":"cy-GB","potentialAction":[{"@type":"ReadAction","target":["https:\/\/www.anthem.wales\/cy\/big-give-fundraiser-cymraeg\/"]}]},{"@type":"ImageObject","inLanguage":"cy-GB","@id":"https:\/\/www.anthem.wales\/cy\/big-give-fundraiser-cymraeg\/#primaryimage","url":"https:\/\/www.anthem.wales\/wp-content\/uploads\/2026\/03\/banner-ffwd-fest.png","contentUrl":"https:\/\/www.anthem.wales\/wp-content\/uploads\/2026\/03\/banner-ffwd-fest.png","width":2048,"height":652},{"@type":"BreadcrumbList","@id":"https:\/\/www.anthem.wales\/cy\/big-give-fundraiser-cymraeg\/#breadcrumb","itemListElement":[{"@type":"ListItem","position":1,"name":"Home","item":"https:\/\/www.anthem.wales\/cy\/"},{"@type":"ListItem","position":2,"name":"Anthem x The Big Give"}]},{"@type":"WebSite","@id":"https:\/\/www.anthem.wales\/#website","url":"https:\/\/www.anthem.wales\/","name":"Anthem","description":"Welcome to Anthem. Music Fund Wales","potentialAction":[{"@type":"SearchAction","target":{"@type":"EntryPoint","urlTemplate":"https:\/\/www.anthem.wales\/?s={search_term_string}"},"query-input":{"@type":"PropertyValueSpecification","valueRequired":true,"valueName":"search_term_string"}}],"inLanguage":"cy-GB"},{"@type":"Person","@id":"https:\/\/www.anthem.wales\/#\/schema\/person\/c9bd3b2ad8c419f24c241b9a93837a8d","name":"Tori Sillman","image":{"@type":"ImageObject","inLanguage":"cy-GB","@id":"https:\/\/www.anthem.wales\/#\/schema\/person\/image\/","url":"https:\/\/secure.gravatar.com\/avatar\/561f08db509f1b4a59f3b72588ad3ec6de49c8e03d49717fa566d0a359a8c940?s=96&d=mm&r=g","contentUrl":"https:\/\/secure.gravatar.com\/avatar\/561f08db509f1b4a59f3b72588ad3ec6de49c8e03d49717fa566d0a359a8c940?s=96&d=mm&r=g","caption":"Tori Sillman"},"url":"https:\/\/www.anthem.wales\/cy\/author\/torisillman\/"}]}},"_links":{"self":[{"href":"https:\/\/www.anthem.wales\/cy\/wp-json\/wp\/v2\/posts\/23954","targetHints":{"allow":["GET"]}}],"collection":[{"href":"https:\/\/www.anthem.wales\/cy\/wp-json\/wp\/v2\/posts"}],"about":[{"href":"https:\/\/www.anthem.wales\/cy\/wp-json\/wp\/v2\/types\/post"}],"author":[{"embeddable":true,"href":"https:\/\/www.anthem.wales\/cy\/wp-json\/wp\/v2\/users\/3"}],"replies":[{"embeddable":true,"href":"https:\/\/www.anthem.wales\/cy\/wp-json\/wp\/v2\/comments?post=23954"}],"version-history":[{"count":8,"href":"https:\/\/www.anthem.wales\/cy\/wp-json\/wp\/v2\/posts\/23954\/revisions"}],"predecessor-version":[{"id":23982,"href":"https:\/\/www.anthem.wales\/cy\/wp-json\/wp\/v2\/posts\/23954\/revisions\/23982"}],"wp:featuredmedia":[{"embeddable":true,"href":"https:\/\/www.anthem.wales\/cy\/wp-json\/wp\/v2\/media\/23969"}],"wp:attachment":[{"href":"https:\/\/www.anthem.wales\/cy\/wp-json\/wp\/v2\/media?parent=23954"}],"wp:term":[{"taxonomy":"category","embeddable":true,"href":"https:\/\/www.anthem.wales\/cy\/wp-json\/wp\/v2\/categories?post=23954"},{"taxonomy":"post_tag","embeddable":true,"href":"https:\/\/www.anthem.wales\/cy\/wp-json\/wp\/v2\/tags?post=23954"}],"curies":[{"name":"wp","href":"https:\/\/api.w.org\/{rel}","templated":true}]}}